{"id":5323,"date":"2015-10-08T19:28:45","date_gmt":"2015-10-08T18:28:45","guid":{"rendered":"http:\/\/www.gardiensdesunivers.fr\/?p=5323"},"modified":"2015-10-08T19:37:00","modified_gmt":"2015-10-08T18:37:00","slug":"tournoi-en-draft-la-bataille-de-zendikar","status":"publish","type":"post","link":"https:\/\/www.gardiensdesunivers.fr\/?p=5323","title":{"rendered":"Tournoi en draft \u00ab La Bataille de Zendikar \u00bb"},"content":{"rendered":"<p>Les Gardiens des Univers Ludiques vous invitent \u00e0 un mini-tournoi en draft utilisant l\u2019extension\u00a0<em>La Bataille de Zendikar<\/em>.<\/p>\n<p>Ce mini-tournoi aura lieu le <strong>17 Octobre\u00a02015 \u00e0 12h00\u00a0<\/strong>dans la salle du club (au dessous de la Mairie). Pr\u00e9voyez 15min d&rsquo;avance pour pouvoir d\u00e9buter \u00e0 12h car nous devons rendre les tables \u00e0 17h au plus tard. Merci de votre compr\u00e9hension.<\/p>\n<p>La participation sera de 10 \u20ac et le nombre de places disponibles est de 16. Vous pouvez vous inscrire en r\u00e9pondant \u00e0 cet article.\u00a0Chaque participant aura un lot (booster,\u2026).<\/p>\n","protected":false},"excerpt":{"rendered":"<p>Les Gardiens des Univers Ludiques vous invitent \u00e0 un mini-tournoi en draft utilisant l\u2019extension\u00a0La Bataille de Zendikar. Ce mini-tournoi aura lieu le 17 Octobre\u00a02015 \u00e0 12h00\u00a0dans la salle du club (au dessous de la Mairie). Pr\u00e9voyez 15min d&rsquo;avance pour pouvoir d\u00e9buter \u00e0 12h car nous devons rendre les tables \u00e0 17h au plus tard. Merci [&hellip;]<\/p>\n","protected":false},"author":55,"featured_media":5324,"comment_status":"open","ping_status":"open","sticky":false,"template":"","format":"standard","meta":{"_bbp_topic_count":0,"_bbp_reply_count":0,"_bbp_total_topic_count":0,"_bbp_total_reply_count":0,"_bbp_voice_count":0,"_bbp_anonymous_reply_count":0,"_bbp_topic_count_hidden":0,"_bbp_reply_count_hidden":0,"_bbp_forum_subforum_count":0,"footnotes":""},"categories":[7,9],"tags":[259,172],"_links":{"self":[{"href":"https:\/\/www.gardiensdesunivers.fr\/index.php?rest_route=\/wp\/v2\/posts\/5323"}],"collection":[{"href":"https:\/\/www.gardiensdesunivers.fr\/index.php?rest_route=\/wp\/v2\/posts"}],"about":[{"href":"https:\/\/www.gardiensdesunivers.fr\/index.php?rest_route=\/wp\/v2\/types\/post"}],"author":[{"embeddable":true,"href":"https:\/\/www.gardiensdesunivers.fr\/index.php?rest_route=\/wp\/v2\/users\/55"}],"replies":[{"embeddable":true,"href":"https:\/\/www.gardiensdesunivers.fr\/index.php?rest_route=%2Fwp%2Fv2%2Fcomments&post=5323"}],"version-history":[{"count":0,"href":"https:\/\/www.gardiensdesunivers.fr\/index.php?rest_route=\/wp\/v2\/posts\/5323\/revisions"}],"wp:featuredmedia":[{"embeddable":true,"href":"https:\/\/www.gardiensdesunivers.fr\/index.php?rest_route=\/wp\/v2\/media\/5324"}],"wp:attachment":[{"href":"https:\/\/www.gardiensdesunivers.fr\/index.php?rest_route=%2Fwp%2Fv2%2Fmedia&parent=5323"}],"wp:term":[{"taxonomy":"category","embeddable":true,"href":"https:\/\/www.gardiensdesunivers.fr\/index.php?rest_route=%2Fwp%2Fv2%2Fcategories&post=5323"},{"taxonomy":"post_tag","embeddable":true,"href":"https:\/\/www.gardiensdesunivers.fr\/index.php?rest_route=%2Fwp%2Fv2%2Ftags&post=5323"}],"curies":[{"name":"wp","href":"https:\/\/api.w.org\/{rel}","templated":true}]}}