{"id":5482,"date":"2015-12-14T22:37:54","date_gmt":"2015-12-14T21:37:54","guid":{"rendered":"http:\/\/www.gardiensdesunivers.fr\/?p=5482"},"modified":"2015-12-19T22:20:20","modified_gmt":"2015-12-19T21:20:20","slug":"bliss-stage","status":"publish","type":"post","link":"http:\/\/www.gardiensdesunivers.fr\/?p=5482","title":{"rendered":"Bliss Stage (mission 01)"},"content":{"rendered":"<h2 style=\"text-align: center;\"><span style=\"color: #333333;\">Depuis sept ans, nous sommes orphelins .<\/span><\/h2>\n<h2 style=\"text-align: center;\"><span style=\"color: #333333;\">Depuis sept ans, nous sommes traqu\u00e9s comme des b\u00eates .<\/span><\/h2>\n<h2 style=\"text-align: center;\"><span style=\"color: #333333;\">Depuis sept ans, nos r\u00eaves ne nous appartiennent plus .<\/span><\/h2>\n<h2 style=\"text-align: center;\"><span style=\"color: #333333;\">Mais c&rsquo;est fini .<\/span><\/h2>\n<h2 style=\"text-align: center;\"><span style=\"color: #333333;\">D\u00e9sormais, nous allons nous battre .<\/span><\/h2>\n<h2 style=\"text-align: center;\"><span style=\"color: #333333;\">Et nous allons gagner .<\/span><\/h2>\n<p>Jour 17 du journal de Paolo &#8230;<\/p>\n<p>&nbsp;<\/p>\n<p>Je me hais .<\/p>\n<p>J&rsquo;ai mis en danger notre fragile communaut\u00e9, et pourquoi ? pour tester nos pilotes ? pour donner du courage au groupe ?<\/p>\n<p>C&rsquo;est ce que je me dis, mais au fond, j&rsquo;ai fait \u00e7a pour moi &#8230;<\/p>\n<p><a href=\"https:\/\/www.gardiensdesunivers.fr\/wp-content\/uploads\/2015\/12\/002.png\"><img decoding=\"async\" loading=\"lazy\" class=\" size-full wp-image-5475 aligncenter\" src=\"https:\/\/www.gardiensdesunivers.fr\/wp-content\/uploads\/2015\/12\/002.png\" alt=\"002\" width=\"392\" height=\"346\" srcset=\"https:\/\/www.gardiensdesunivers.fr\/wp-content\/uploads\/2015\/12\/002.png 392w, https:\/\/www.gardiensdesunivers.fr\/wp-content\/uploads\/2015\/12\/002-300x265.png 300w\" sizes=\"(max-width: 392px) 100vw, 392px\" \/><\/a><\/p>\n<p>J&rsquo;avais pour hypoth\u00e8se que mes r\u00eaves d&rsquo;adultes, libre du Bliss, pourraient attirer les \u00ab\u00a0Autres\u00a0\u00bb . Que les \u00ab\u00a0Autres\u00a0\u00bb cherchent \u00e0 capturer tous les r\u00eaves libres, et qu&rsquo;ils ont utilis\u00e9 le Bliss pour \u00e7a.<\/p>\n<p style=\"text-align: right;\">Je ne dormais pas plus de 2 heures de suite de peur qu&rsquo;ils me trouvent&#8230; et hier, pour la premi\u00e8re fois depuis 7 ans, j&rsquo;ai fait une nuit compl\u00e8te .<\/p>\n<p style=\"text-align: left;\">L&rsquo;ai-je fait expr\u00e8s ? oui . J&rsquo;avais besoin de savoir si ma th\u00e9orie \u00e9tait fond\u00e9e . J&rsquo;avais besoin de savoir si ces jeunes pilotes \u00e9taient \u00e0 la hauteur . Et surtout, J&rsquo;avais besoin de la paix qu&rsquo;apporte le vrai sommeil .<\/p>\n<p>Je me suis dit, si ma th\u00e9orie est fausse, j&rsquo;ai tout \u00e0 y gagner de la tester . Si par la suite, des \u00ab\u00a0Autres\u00a0\u00bb arrivent, je verrais si nos pilotes peuvent vraiment triompher face \u00e0 leurs automates &#8230; J&rsquo;avais au moins raison sur un point .<\/p>\n<p>&nbsp;<\/p>\n<p style=\"text-align: center;\">Aujourd&rsquo;hui, 3 automates des \u00ab\u00a0Autres\u00a0\u00bb sont venus dans notre secteur . Il y a longtemps que\u00a0\u00e7a ne c&rsquo;\u00e9tait pas produit . Il est maintenant certains que mes r\u00eaves les attirent . J&rsquo;ai envoy\u00e9 Marc (il est le plus \u00e2g\u00e9 de nos pilotes et l&rsquo;un des plus forts) et Virgile s&rsquo;est port\u00e9 volontaire . Ils ont intercept\u00e9 les \u00ab\u00a0Autres\u00a0\u00bb, et ont triomph\u00e9 &#8230; mais pas sans s\u00e9quelle .<\/p>\n<p style=\"text-align: center;\">Physiquement, ils vont bien, mais \u00e9motionnellement ils ont pris un coup . Ils \u00e9vitent d&rsquo;en parler comme \u00e7a, mais leurs attitudes le montrent . Lisette en a subi les cons\u00e9quences pendant le repas &#8230; Je ne sais pas trop de quoi elle parlait avec Marc, mais \u00e7a c&rsquo;est mal termin\u00e9 .<\/p>\n<p style=\"text-align: center;\">Quoi qu&rsquo;il en soit, nos ANIMA peuvent gagner face aux automates des \u00ab\u00a0Autres\u00a0\u00bb . Nos pilotes ont pass\u00e9 le test avec brio &#8230; Quel odieux personnage je suis ! J&rsquo;envoie 2 ados &#8230; non j&rsquo;envoie 4 ados en premi\u00e8re ligne, pilotes et ancres, et j&rsquo;ose parler de test !<\/p>\n<p><a href=\"https:\/\/www.gardiensdesunivers.fr\/wp-content\/uploads\/2015\/12\/02-e1450127447530.jpg\"><img decoding=\"async\" loading=\"lazy\" class=\"  wp-image-5485 alignleft\" src=\"https:\/\/www.gardiensdesunivers.fr\/wp-content\/uploads\/2015\/12\/02-e1450127447530.jpg\" alt=\"02\" width=\"795\" height=\"304\" srcset=\"https:\/\/www.gardiensdesunivers.fr\/wp-content\/uploads\/2015\/12\/02-e1450127447530.jpg 3281w, https:\/\/www.gardiensdesunivers.fr\/wp-content\/uploads\/2015\/12\/02-e1450127447530-300x115.jpg 300w, https:\/\/www.gardiensdesunivers.fr\/wp-content\/uploads\/2015\/12\/02-e1450127447530-1030x394.jpg 1030w, https:\/\/www.gardiensdesunivers.fr\/wp-content\/uploads\/2015\/12\/02-e1450127447530-1500x573.jpg 1500w, https:\/\/www.gardiensdesunivers.fr\/wp-content\/uploads\/2015\/12\/02-e1450127447530-705x269.jpg 705w, https:\/\/www.gardiensdesunivers.fr\/wp-content\/uploads\/2015\/12\/02-e1450127447530-450x172.jpg 450w\" sizes=\"(max-width: 795px) 100vw, 795px\" \/><\/a><\/p>\n<p style=\"text-align: center;\">A eux 4, ils ont r\u00e9ussi \u00e0 noyer 3 automates dans le lac . Et moi, tout ce que j&rsquo;ai su faire, c&rsquo;est choisir 1 pilote et demander un volontaire pour le faire .<\/p>\n<p>&nbsp;<\/p>\n<p>&nbsp;<\/p>\n<p>Suite \u00e0 \u00e7a, il est vrai que j&rsquo;ai gagn\u00e9 en espoir &#8230; mais je me d\u00e9teste tellement maintenant &#8230; Je ne sais pas comment font ces enfants pour me supporter .<\/p>\n<p>&#8230;<\/p>\n<p>Ma faiblesse est elle justifiable ?<\/p>\n<p>Ai-je vraiment eu raison de tester ces jeunes ?<\/p>\n<p>Et surtout &#8230; Maintenant, les \u00ab\u00a0Autres\u00a0\u00bb vont surement continuer \u00e0 nous chercher dans le secteur &#8230; Est-ce que je n&rsquo;ai pas fait la pire b\u00eatise que je pouvais faire ?<\/p>\n<p>&#8230;<\/p>\n<p>&#8230;Je prie pour que ces pens\u00e9es me quittent &#8230;L&rsquo;eau pourrait peut-\u00eatre me nettoyer de \u00e7a &#8230;<\/p>\n<p>&#8230;<\/p>\n","protected":false},"excerpt":{"rendered":"<p>Depuis sept ans, nous sommes orphelins . Depuis sept ans, nous sommes traqu\u00e9s comme des b\u00eates . Depuis sept ans, nos r\u00eaves ne nous appartiennent plus . Mais c&rsquo;est fini . D\u00e9sormais, nous allons nous battre . Et nous allons gagner . Jour 17 du journal de Paolo &#8230; &nbsp; Je me hais . J&rsquo;ai [&hellip;]<\/p>\n","protected":false},"author":19,"featured_media":5483,"comment_status":"open","ping_status":"open","sticky":false,"template":"","format":"standard","meta":{"_bbp_topic_count":0,"_bbp_reply_count":0,"_bbp_total_topic_count":0,"_bbp_total_reply_count":0,"_bbp_voice_count":0,"_bbp_anonymous_reply_count":0,"_bbp_topic_count_hidden":0,"_bbp_reply_count_hidden":0,"_bbp_forum_subforum_count":0,"footnotes":""},"categories":[4,5],"tags":[260],"_links":{"self":[{"href":"http:\/\/www.gardiensdesunivers.fr\/index.php?rest_route=\/wp\/v2\/posts\/5482"}],"collection":[{"href":"http:\/\/www.gardiensdesunivers.fr\/index.php?rest_route=\/wp\/v2\/posts"}],"about":[{"href":"http:\/\/www.gardiensdesunivers.fr\/index.php?rest_route=\/wp\/v2\/types\/post"}],"author":[{"embeddable":true,"href":"http:\/\/www.gardiensdesunivers.fr\/index.php?rest_route=\/wp\/v2\/users\/19"}],"replies":[{"embeddable":true,"href":"http:\/\/www.gardiensdesunivers.fr\/index.php?rest_route=%2Fwp%2Fv2%2Fcomments&post=5482"}],"version-history":[{"count":0,"href":"http:\/\/www.gardiensdesunivers.fr\/index.php?rest_route=\/wp\/v2\/posts\/5482\/revisions"}],"wp:featuredmedia":[{"embeddable":true,"href":"http:\/\/www.gardiensdesunivers.fr\/index.php?rest_route=\/wp\/v2\/media\/5483"}],"wp:attachment":[{"href":"http:\/\/www.gardiensdesunivers.fr\/index.php?rest_route=%2Fwp%2Fv2%2Fmedia&parent=5482"}],"wp:term":[{"taxonomy":"category","embeddable":true,"href":"http:\/\/www.gardiensdesunivers.fr\/index.php?rest_route=%2Fwp%2Fv2%2Fcategories&post=5482"},{"taxonomy":"post_tag","embeddable":true,"href":"http:\/\/www.gardiensdesunivers.fr\/index.php?rest_route=%2Fwp%2Fv2%2Ftags&post=5482"}],"curies":[{"name":"wp","href":"https:\/\/api.w.org\/{rel}","templated":true}]}}