{"id":5473,"date":"2015-12-13T13:40:12","date_gmt":"2015-12-13T12:40:12","guid":{"rendered":"http:\/\/www.gardiensdesunivers.fr\/?p=5473"},"modified":"2015-12-15T18:33:07","modified_gmt":"2015-12-15T17:33:07","slug":"5473","status":"publish","type":"post","link":"http:\/\/www.gardiensdesunivers.fr\/?p=5473","title":{"rendered":"Bliss Stage (intro)"},"content":{"rendered":"<h2 style=\"text-align: center\"><span style=\"color: #333333\">Depuis sept ans, nous sommes orphelins .<\/span><\/h2>\n<h2 style=\"text-align: center\"><span style=\"color: #333333\">Depuis sept ans, nous sommes traqu\u00e9s comme des b\u00eates .<\/span><\/h2>\n<h2 style=\"text-align: center\"><span style=\"color: #333333\">Depuis sept ans, nos r\u00eaves ne nous appartiennent plus .<\/span><\/h2>\n<h2 style=\"text-align: center\"><span style=\"color: #333333\">Mais c&rsquo;est fini .<\/span><\/h2>\n<h2 style=\"text-align: center\"><span style=\"color: #333333\">D\u00e9sormais, nous allons nous battre .<\/span><\/h2>\n<h2 style=\"text-align: center\"><span style=\"color: #333333\">Et nous allons gagner .<\/span><\/h2>\n<p>Premier jour du journal de Paolo, autorit\u00e9 du groupe de r\u00e9sistance du tunnel du Mont-Blanc .<\/p>\n<p>je ne sais par o\u00f9 commencer &#8230; cela fait 7 ans que nous survivons comme on peut fasse aux \u00ab\u00a0Autres\u00a0\u00bb, et c&rsquo;est seulement cette derni\u00e8re ann\u00e9e que je ressens une lueur d&rsquo;espoir . Peut-\u00eatre est ce pour \u00e7a que je me suis d\u00e9cid\u00e9 \u00e0 tenir un journal : je crois enfin \u00e0 un futur possible .<\/p>\n<p>Avant que le Bliss arrive, je n&rsquo;\u00e9tais qu&rsquo;un chasseur Alpin, l&rsquo;un des meilleurs, mais rien dans ma vie d&rsquo;avant n&rsquo;a pu\u00a0me pr\u00e9parer \u00e0 devenir\u00a0un leader &#8230;<\/p>\n<p>Le Bliss \u00e0 emport\u00e9 tous les adultes, ils sont plong\u00e9s dans un sommeil profond .Rien ne peut les r\u00e9veiller &#8230; et je ne sais pas pourquoi j&rsquo;y ai r\u00e9chapp\u00e9 &#8230; h\u00e9las .<\/p>\n<p>&nbsp;<\/p>\n<p>Peut-\u00eatre parce que j&rsquo;ai toujours v\u00e9cu en haute altitude dans ces montagnes, mes poumons \u00e9tant surement habitu\u00e9s \u00e0 la rar\u00e9faction de l&rsquo;air, je ne subis pas le Bliss ?\u00a0Du moins, pas au point de m&rsquo;endormir, car malgr\u00e9 tout, je me sens faible .<\/p>\n<p>J&rsquo;ai aussi vu les \u00ab\u00a0Autres\u00a0\u00bb capturer des adultes endormis, sans savoir ce qu&rsquo;ils en feront &#8230;<\/p>\n<p><a href=\"https:\/\/www.gardiensdesunivers.fr\/wp-content\/uploads\/2015\/12\/002.png\"><img decoding=\"async\" loading=\"lazy\" class=\" size-full wp-image-5475 aligncenter\" src=\"https:\/\/www.gardiensdesunivers.fr\/wp-content\/uploads\/2015\/12\/002.png\" alt=\"002\" width=\"392\" height=\"346\" srcset=\"https:\/\/www.gardiensdesunivers.fr\/wp-content\/uploads\/2015\/12\/002.png 392w, https:\/\/www.gardiensdesunivers.fr\/wp-content\/uploads\/2015\/12\/002-300x265.png 300w\" sizes=\"(max-width: 392px) 100vw, 392px\" \/><\/a><\/p>\n<p>Je suis entour\u00e9 par des enfants que je dois\u00a0consid\u00e9rer comme des adultes, et pour certains, comme des soldats . C&rsquo;est dur &#8230; Les voir se battre pour le futur, voir ces jeunes pilotes d&rsquo;ANIMA prendre le chemin de l&rsquo;autodestruction, voir leurs ancres tout faire pour emp\u00eacher cela . Ils se battent tous, et moi je les utilise comme des armes pour la guerre &#8230; et j&rsquo;ai honte de devoir les traiter ainsi . Mais comment pourrais-je faire ? Ces enfants ont les responsabilit\u00e9s d&rsquo;un adulte, et je dois les consid\u00e9rer comme tels .<\/p>\n<p>Il y a 2 ans de cela, nous avons trouv\u00e9 une \u00e9pave d&rsquo;un automate des \u00ab\u00a0Autres\u00a0\u00bb . Nous avons r\u00e9ussi \u00e0 en extraire une sorte de cuve, nous l&rsquo;appelons \u00ab\u00a0le berceau\u00a0\u00bb, et nous avons appris \u00e0 le faire fonctionner .<\/p>\n<p>Le berceau nous sert \u00e0 mat\u00e9rialiser les\u00a0\u00e9motions de ceux qui rentre \u00e0 l&rsquo;int\u00e9rieur . Nous construisons des automates g\u00e9ants ressemblant \u00e0 ceux des \u00ab\u00a0Autres\u00a0\u00bb, nous les appelons \u00ab\u00a0ANIMA\u00a0\u00bb &#8230; seuls les enfants peuvent plonger dans la cuve, ce sont nos pilotes&#8230; Je ne peux utiliser le berceau, je succomberai au r\u00eave si je tente cela . La cuve fonctionne toute seule, nous pensons qu&rsquo;elle utilise l&rsquo;\u00e9nergie de nos r\u00eaves comme carburant &#8230; mais nous n&rsquo;avons aucune affirmation \u00e0 ce sujet . Nous savons simplement que nous pouvons mat\u00e9rialiser les ANIMA dans notre r\u00e9alit\u00e9 ainsi que dans \u00ab\u00a0le r\u00eave\u00a0\u00bb .<a href=\"https:\/\/www.gardiensdesunivers.fr\/wp-content\/uploads\/2015\/12\/003.jpg\"><img decoding=\"async\" loading=\"lazy\" class=\"  wp-image-5476 alignright\" src=\"https:\/\/www.gardiensdesunivers.fr\/wp-content\/uploads\/2015\/12\/003.jpg\" alt=\"003\" width=\"451\" height=\"627\" srcset=\"https:\/\/www.gardiensdesunivers.fr\/wp-content\/uploads\/2015\/12\/003.jpg 758w, https:\/\/www.gardiensdesunivers.fr\/wp-content\/uploads\/2015\/12\/003-216x300.jpg 216w, https:\/\/www.gardiensdesunivers.fr\/wp-content\/uploads\/2015\/12\/003-740x1030.jpg 740w, https:\/\/www.gardiensdesunivers.fr\/wp-content\/uploads\/2015\/12\/003-507x705.jpg 507w, https:\/\/www.gardiensdesunivers.fr\/wp-content\/uploads\/2015\/12\/003-450x626.jpg 450w\" sizes=\"(max-width: 451px) 100vw, 451px\" \/><\/a><\/p>\n<p>Le r\u00eave &#8230; Le monde des \u00ab\u00a0Autres\u00a0\u00bb . Avec l&rsquo;arriv\u00e9e de cette brume nomm\u00e9e le Bliss, les \u00ab\u00a0Autres\u00a0\u00bb nous ont vol\u00e9 nos r\u00eaves, ou plut\u00f4t, ils se sont appropri\u00e9 les r\u00eaves des adultes endormis, et les enfants ne r\u00eavent plus que d&rsquo;un monde fragment\u00e9, m\u00e9lange entre f\u00e9eries, fantastique et horreur . Chaque fragment se rattachant \u00e0 l&rsquo;autre de fa\u00e7on chaotique &#8230; du moins, c&rsquo;est ce qu&rsquo;ils disent, car moi je continue \u00e0 r\u00eaver comme avant, mais je fais en sorte de ne pas dormir plus de 2 heures de suite, parce que je pense que mes r\u00eaves risquent d&rsquo;attirer les \u00ab\u00a0Autres\u00a0\u00bb \u00e0 nous . Je suis devenu une dor\u00e9e rare pour eux .<\/p>\n<p>&nbsp;<\/p>\n<p>Notre groupe de r\u00e9sistance comporte :<\/p>\n<p>&nbsp;<\/p>\n<p>4 pilotes .<\/p>\n<p>C\u00e9cile, novice mais motiv\u00e9 . Un peu trop excit\u00e9e \u00e0 l&rsquo;id\u00e9e de prendre part \u00e0 la guerre . je n&rsquo;ose encore l&rsquo;envoyer sur le terrain, mais cela devra arriver et elle me prouvera sa valeur &#8230; je pense qu&rsquo;elle cherche \u00e0 m&rsquo;impressionner .<\/p>\n<p style=\"text-align: right\">Pierro, trop jeune pour avoir \u00e9t\u00e9 assez entra\u00een\u00e9 . Il poss\u00e8de la na\u00efvet\u00e9 de la jeunesse, mais paradoxalement, ceci est sa force car il a confiance en tous et ses sentiments en son renforc\u00e9, ainsi que son ANIMA .<\/p>\n<p>Virgile, un grand sentimental . Il a du mal \u00e0 cacher l&rsquo;amour qu&rsquo;il porte aux\u00a0autres enfants &#8230; ou peut-\u00eatre n&rsquo;essaye-t-il pas . Sa relation avec Charlotte donne une grande puissance \u00e0 son ANIMA .<\/p>\n<p style=\"text-align: right\">Marc, admir\u00e9 par tous . Il ferme les yeux sur le respect que tout le monde lui porte . Surement qu&rsquo;il a peur des responsabilit\u00e9s que cela doit apporter . Qu&rsquo;il le veuille ou non, il est le plus \u00e2g\u00e9 de nos pilotes, et de ce fait, tous le voient comme un grand fr\u00e8re, protecteur et exemplaire . Je reconnais qu&rsquo;il a un talent inn\u00e9 pour piloter son ANIMA .<\/p>\n<p>Pour chaque pilote, nous avons form\u00e9 un enfant qui le guide \u00e0 travers les songes . Nous les appelons \u00ab\u00a0ancre\u00a0\u00bb . Les ancres font le travail le plus dur : ils subissent les sentiments des pilotes, ils doivent l&rsquo;aider \u00e0 garder le contr\u00f4le de ses \u00e9motions sans faire part des leurs, et le plus dur, c&rsquo;est le manque de reconnaissance . Les pilotes sont admir\u00e9s, mais les ancres subissent le poids de l&rsquo;\u00e9chec . Leurs responsabilit\u00e9s sont grandes &#8230; bien plus que la mienne .<\/p>\n<p>&nbsp;<\/p>\n<p>Emilie est la plus exp\u00e9riment\u00e9e des ancres . Elle pr\u00e9f\u00e8re guider Pierro dans ses missions, mais son professionnalisme fait qu&rsquo;elle se portera volontaire pour n&rsquo;importe quels pilotes .Elle se mettra en danger pour aider au mieux pendant une mission .<\/p>\n<p style=\"text-align: right\">Lisa &#8230; quoiqu&rsquo;elle ait du mal \u00e0 vaincre sa timidit\u00e9 (ce qui fait qu&rsquo;elle soit un peu distante), fera toujours de son mieux pour prot\u00e9ger le pilote avant tout &#8230; m\u00eame si la mission risque d&rsquo;en p\u00e2tir .<\/p>\n<p>Fred, le plus empathique de nos ancres . Il ressent et comprend la d\u00e9tresse de son pilote, quel qui soit, et trouve toujours un moyen de le r\u00e9conforter . Je pense qu&rsquo;il r\u00e9ussira toujours \u00e0 \u00e9viter le pire au cours d&rsquo;une mission .<\/p>\n<p style=\"text-align: right\">Aur\u00e9lie, elle fera tout pour r\u00e9ussir la mission . Elle sait motiver son pilote . Elle arrive m\u00eame \u00e0 le pousser \u00e0 prendre des risques pour r\u00e9ussir, et pour \u00e7a, elle est respect\u00e9e car elle sait s&rsquo;imposer .<\/p>\n<p><a href=\"https:\/\/www.gardiensdesunivers.fr\/wp-content\/uploads\/2015\/12\/004.jpg\"><img decoding=\"async\" loading=\"lazy\" class=\"  wp-image-5478 alignnone\" src=\"https:\/\/www.gardiensdesunivers.fr\/wp-content\/uploads\/2015\/12\/004.jpg\" alt=\"004\" width=\"642\" height=\"361\" srcset=\"https:\/\/www.gardiensdesunivers.fr\/wp-content\/uploads\/2015\/12\/004.jpg 1920w, https:\/\/www.gardiensdesunivers.fr\/wp-content\/uploads\/2015\/12\/004-300x169.jpg 300w, https:\/\/www.gardiensdesunivers.fr\/wp-content\/uploads\/2015\/12\/004-1030x579.jpg 1030w, https:\/\/www.gardiensdesunivers.fr\/wp-content\/uploads\/2015\/12\/004-1500x844.jpg 1500w, https:\/\/www.gardiensdesunivers.fr\/wp-content\/uploads\/2015\/12\/004-705x397.jpg 705w, https:\/\/www.gardiensdesunivers.fr\/wp-content\/uploads\/2015\/12\/004-450x253.jpg 450w\" sizes=\"(max-width: 642px) 100vw, 642px\" \/><\/a><\/p>\n<p>Nous avons aussi besoin de main d&rsquo;oeuvre pour diff\u00e9rentes taches .<\/p>\n<p>Manon s&rsquo;occupe de notre petit \u00e9levage de ch\u00e8vres .\u00a0Son travail est capital car gr\u00e2ce \u00e0 elle, nous avons du lait et quand on peut ce le permettre, de la viande . Elle doit prendre d&rsquo;\u00e9normes risques car elle doit sortir \u00e0 l&rsquo;ext\u00e9rieur pour nourrir les ch\u00e8vres, et le danger ne vient pas que des \u00ab\u00a0Autres\u00a0\u00bb : la faune et la flore a surv\u00e9cu au Bliss, ils n&rsquo;en subissent pas les effets, et les loups sont attir\u00e9s par n\u00f4tres b\u00e9tails . Qui plus est, Manon profite de ses sortis pour nous rapporter de l&rsquo;eau, l&rsquo;une des ressources dont on ne manque pas dans notre r\u00e9gion .<\/p>\n<p>Francis \u00e9paule beaucoup Manon . Il part avec elle, la prot\u00e8ge du mieux qu&rsquo;il peut . Il surveille beaucoup les alentour au cas o\u00f9 une menace arriverait . Il est nos yeux qui scrute l&rsquo;ext\u00e9rieur du camp .<\/p>\n<p>Vladimir est notre infirmier . il n&rsquo;a pas grande connaissance du m\u00e9tier mais gr\u00e2ce \u00e0 notre r\u00e9serve de m\u00e9dicament et de produit de soins trouv\u00e9 dans un camion sous le tunnel, le plus gros de son travail est de trouver le rem\u00e8de qui correspond \u00e0 nos sympt\u00f4mes .<\/p>\n<p>Lisette fait le plus gros des travaux . Elle fait de son mieux pour am\u00e9nager notre base et la rendre plus vivable avec les mat\u00e9riaux qu&rsquo;elle peut trouver, bois, pierre &#8230; Elle a des journ\u00e9es \u00e9reintantes .<\/p>\n<p>Charlotte est l\u00e0 pour bricoler tout ce qui est m\u00e9canique . Elle est dou\u00e9e pour son \u00e2ge, c&rsquo;est elle qui a r\u00e9ussi \u00e0 faire fonctionner le berceau . C&rsquo;est la petite amie de Virgile &#8230; pour le moment . Gr\u00e2ce aux pi\u00e8ces d\u00e9tach\u00e9s que nous avons en quantit\u00e9 sous le tunnel (les v\u00e9hicules, des marchandises de camions &#8230;) et gr\u00e2ce aux r\u00e9seaux \u00e9lectriques des lieux, elle a r\u00e9ussi \u00e0 nous bricoler et \u00e0 entretenir de quoi nous produire de l&rsquo;\u00e9lectricit\u00e9 &#8230; le seul hic est que nous devons ravitailler en carburant . Pour l&rsquo;instant, nous y arrivons .<\/p>\n<p>Ad\u00e8le fait la cuisine . Elle fait de son mieux pour diversifier notre alimentation avec le peu qu&rsquo;on lui procure .<\/p>\n<p>Et Philemon&#8230; notre archiviste . A\u00a0la base, c&rsquo;\u00e9tait son id\u00e9e de tenir un journal &#8230; je n&rsquo;ai jamais voulu, jusqu&rsquo;\u00e0 pr\u00e9sent . D&rsquo;ailleurs, il n&rsquo;est pas au courant que je suis en train d&rsquo;\u00e9crire ces lignes &#8230;<\/p>\n<p>&nbsp;<\/p>\n<p>Face \u00e0 l&rsquo;arriv\u00e9e du Bliss, le monde \u00e0 changer . Les hommes se cachent, les animaux se comportent de fa\u00e7on &#8230; diff\u00e9rente . Mais le plus perturbant, est l&rsquo;eau . L&rsquo;eau dont on d\u00e9pend est devenu un danger potentiel pour nous . Si on entre en contact avec elle, nos \u00e9motions sont absorb\u00e9es et deviennent une partie de l&rsquo;eau . Du m\u00eame, quand nous la buvons, nous ressentons des \u00e9motions qui ne sont pas n\u00f4tre &#8230; L&rsquo;eau pure que la neige nous procure est vital, elle n&rsquo;est pas salie par des \u00e9motions, et c&rsquo;est celle-l\u00e0 que nous consommons .<\/p>\n<p>Et enfin, nous avons cr\u00e9\u00e9 un lien avec un autre groupe de survivants : des nomades qui passent de temps en temps par l\u00e0 . Nous leur donnons le g\u00eete et ils nous apportent des produits que nous ne pouvons trouver dans notre r\u00e9gion . Jusque-l\u00e0, nos rapports sont amicaux .<\/p>\n<p>Voil\u00e0, je pense avoir parl\u00e9 d&rsquo;\u00e0 peu pr\u00e8s tout en ce qui nous concerne . Je ne sais pas si je continuerais de tenir ce journal, mais \u00e0 ce moment pr\u00e9cis o\u00f9 j&rsquo;\u00e9cris ces lignes, j&rsquo;ai repris espoir .<\/p>\n","protected":false},"excerpt":{"rendered":"<p>Depuis sept ans, nous sommes orphelins . Depuis sept ans, nous sommes traqu\u00e9s comme des b\u00eates . Depuis sept ans, nos r\u00eaves ne nous appartiennent plus . Mais c&rsquo;est fini . D\u00e9sormais, nous allons nous battre . Et nous allons gagner . Premier jour du journal de Paolo, autorit\u00e9 du groupe de r\u00e9sistance du tunnel [&hellip;]<\/p>\n","protected":false},"author":19,"featured_media":5474,"comment_status":"open","ping_status":"open","sticky":false,"template":"","format":"standard","meta":{"_bbp_topic_count":0,"_bbp_reply_count":0,"_bbp_total_topic_count":0,"_bbp_total_reply_count":0,"_bbp_voice_count":0,"_bbp_anonymous_reply_count":0,"_bbp_topic_count_hidden":0,"_bbp_reply_count_hidden":0,"_bbp_forum_subforum_count":0,"footnotes":""},"categories":[4,5],"tags":[260],"_links":{"self":[{"href":"http:\/\/www.gardiensdesunivers.fr\/index.php?rest_route=\/wp\/v2\/posts\/5473"}],"collection":[{"href":"http:\/\/www.gardiensdesunivers.fr\/index.php?rest_route=\/wp\/v2\/posts"}],"about":[{"href":"http:\/\/www.gardiensdesunivers.fr\/index.php?rest_route=\/wp\/v2\/types\/post"}],"author":[{"embeddable":true,"href":"http:\/\/www.gardiensdesunivers.fr\/index.php?rest_route=\/wp\/v2\/users\/19"}],"replies":[{"embeddable":true,"href":"http:\/\/www.gardiensdesunivers.fr\/index.php?rest_route=%2Fwp%2Fv2%2Fcomments&post=5473"}],"version-history":[{"count":0,"href":"http:\/\/www.gardiensdesunivers.fr\/index.php?rest_route=\/wp\/v2\/posts\/5473\/revisions"}],"wp:featuredmedia":[{"embeddable":true,"href":"http:\/\/www.gardiensdesunivers.fr\/index.php?rest_route=\/wp\/v2\/media\/5474"}],"wp:attachment":[{"href":"http:\/\/www.gardiensdesunivers.fr\/index.php?rest_route=%2Fwp%2Fv2%2Fmedia&parent=5473"}],"wp:term":[{"taxonomy":"category","embeddable":true,"href":"http:\/\/www.gardiensdesunivers.fr\/index.php?rest_route=%2Fwp%2Fv2%2Fcategories&post=5473"},{"taxonomy":"post_tag","embeddable":true,"href":"http:\/\/www.gardiensdesunivers.fr\/index.php?rest_route=%2Fwp%2Fv2%2Ftags&post=5473"}],"curies":[{"name":"wp","href":"https:\/\/api.w.org\/{rel}","templated":true}]}}